{"id":4334,"date":"2026-09-03T14:17:13","date_gmt":"2026-09-03T12:17:13","guid":{"rendered":"https:\/\/www.ziltenpro.com\/cms\/?p=4334"},"modified":"2026-09-03T14:17:13","modified_gmt":"2026-09-03T12:17:13","slug":"zilten-une-entreprise-engagee","status":"publish","type":"post","link":"https:\/\/www.ziltenpro.com\/cms\/2026\/09\/03\/zilten-une-entreprise-engagee\/","title":{"rendered":"Zilten, une entreprise engag\u00e9e"},"content":{"rendered":"\n<p class=\"wp-block-paragraph\"><strong>Zilten est une marque du groupe CETIH<\/strong>, acteur majeur de la menuiserie depuis plus de 50 ans, sp\u00e9cialis\u00e9 dans l&#8217;enveloppe de l&#8217;habitat et la r\u00e9novation \u00e9nerg\u00e9tique.<\/p>\n\n\n\n<div style=\"height:40px\" aria-hidden=\"true\" class=\"wp-block-spacer\"><\/div>\n\n\n\n<p class=\"wp-block-paragraph\">Chez Zilten, l&#8217;engagement fait partie int\u00e9grante de notre ADN. Depuis le 1er juillet 2021, CETIH est devenu <strong>entreprise \u00e0 mission<\/strong>, concr\u00e9tisant une d\u00e9marche RSE engag\u00e9e depuis plus de 15 ans.<\/p>\n\n\n\n<p class=\"wp-block-paragraph\">Notre ambition est claire : contribuer \u00e0 la cr\u00e9ation d\u2019une entreprise et d\u2019un habitat harmonieux, durables et tourn\u00e9s vers l\u2019Humain. Nous d\u00e9fendons un mod\u00e8le de d\u00e9veloppement qui concilie respect des personnes, pr\u00e9servation de l&#8217;environnement et performance \u00e9conomique.<\/p>\n\n\n\n<div style=\"height:40px\" aria-hidden=\"true\" class=\"wp-block-spacer\"><\/div>\n\n\n\n<h3 class=\"wp-block-heading\">Des engagements qui se traduisent en actions concr\u00e8tes<\/h3>\n\n\n\n<div style=\"height:40px\" aria-hidden=\"true\" class=\"wp-block-spacer\"><\/div>\n\n\n\n<div class=\"wp-block-columns is-layout-flex wp-container-core-columns-is-layout-8f761849 wp-block-columns-is-layout-flex\">\n<div class=\"wp-block-column is-layout-flow wp-block-column-is-layout-flow\" style=\"flex-basis:66.66%\">\n<h4 class=\"wp-block-heading\">La technologie au service de la sant\u00e9 au travail<\/h4>\n\n\n\n<p class=\"wp-block-paragraph\">Parce que le savoir-faire de nos collaborateurs est notre richesse la plus pr\u00e9cieuse, nous investissons continuellement pour am\u00e9liorer leurs conditions de travail.<\/p>\n\n\n\n<p class=\"wp-block-paragraph\">Dans chacune de nos cinq usines, nous d\u00e9ployons des <strong>solutions d&#8217;aide \u00e0 la manutention<\/strong> permettant de limiter le port de charges lourdes et les gestes r\u00e9p\u00e9titifs. Ces \u00e9quipements contribuent \u00e0 r\u00e9duire les contraintes physiques, \u00e0 am\u00e9liorer les postures et \u00e0 pr\u00e9venir les troubles musculosquelettiques (TMS).<\/p>\n\n\n\n<p class=\"wp-block-paragraph\"><strong>Une industrie plus ouverte et plus inclusive<\/strong><\/p>\n\n\n\n<p class=\"wp-block-paragraph\">Les m\u00e9tiers de l&#8217;industrie et du b\u00e2timent \u00e9voluent, et nous souhaitons accompagner cette transformation. Les m\u00e9tiers du b\u00e2timent changent, et nous acc\u00e9l\u00e9rons ce mouvement. Notre volont\u00e9 ? Ouvrir grand les portes de nos usines aux talents f\u00e9minins. Une politique volontariste qui porte d\u00e9j\u00e0 ses fruits : sur notre site de Roncey (50), par exemple, la parit\u00e9 gagne du terrain jusqu&#8217;au management o\u00f9 <strong>3 leaders sur 7 sont des femmes<\/strong>.<\/p>\n<\/div>\n\n\n\n<div class=\"wp-block-column is-layout-flow wp-block-column-is-layout-flow\" style=\"flex-basis:33.33%\">\n<figure class=\"wp-block-image size-large is-resized\"><img loading=\"lazy\" decoding=\"async\" width=\"683\" height=\"1024\" src=\"https:\/\/www.belmpro.fr\/wp-content\/uploads\/sites\/4\/2026\/09\/KOT05400-683x1024.jpg\" alt=\"\" class=\"wp-image-4337\" style=\"aspect-ratio:0.6670149369243866;width:211px;height:auto\" srcset=\"https:\/\/www.belmpro.fr\/wp-content\/uploads\/sites\/4\/2026\/09\/KOT05400-683x1024.jpg 683w, https:\/\/www.belmpro.fr\/wp-content\/uploads\/sites\/4\/2026\/09\/KOT05400-200x300.jpg 200w, https:\/\/www.belmpro.fr\/wp-content\/uploads\/sites\/4\/2026\/09\/KOT05400-768x1151.jpg 768w, https:\/\/www.belmpro.fr\/wp-content\/uploads\/sites\/4\/2026\/09\/KOT05400-1025x1536.jpg 1025w, https:\/\/www.belmpro.fr\/wp-content\/uploads\/sites\/4\/2026\/09\/KOT05400-1366x2048.jpg 1366w, https:\/\/www.belmpro.fr\/wp-content\/uploads\/sites\/4\/2026\/09\/KOT05400-600x899.jpg 600w, https:\/\/www.belmpro.fr\/wp-content\/uploads\/sites\/4\/2026\/09\/KOT05400-scaled.jpg 1708w\" sizes=\"auto, (max-width: 683px) 100vw, 683px\" \/><\/figure>\n<\/div>\n<\/div>\n\n\n\n<hr class=\"wp-block-separator has-alpha-channel-opacity\" \/>\n\n\n\n<h3 class=\"wp-block-heading\">Pourquoi cette d\u00e9marche ?<\/h3>\n\n\n\n<p class=\"wp-block-paragraph\">En tant qu&#8217;entreprise \u00e0 mission, nous sommes convaincus que la performance durable repose autant sur la qualit\u00e9 de nos produits que sur l&#8217;attention port\u00e9e \u00e0 nos collaborateurs, \u00e0 nos partenaires et \u00e0 notre environnement. Chaque initiative mise en \u0153uvre contribue \u00e0 construire un mod\u00e8le industriel plus responsable, au b\u00e9n\u00e9fice de tous.<\/p>\n\n\n\n<p class=\"wp-block-paragraph\"><\/p>\n","protected":false},"excerpt":{"rendered":"<p>Zilten est une marque du groupe CETIH, acteur majeur de la menuiserie depuis plus de 50 ans, sp\u00e9cialis\u00e9 dans l&#8217;enveloppe de l&#8217;habitat et la r\u00e9novation \u00e9nerg\u00e9tique. Chez Zilten, l&#8217;engagement fait partie int\u00e9grante de notre ADN. Depuis le 1er juillet 2021, CETIH est devenu entreprise \u00e0 mission, concr\u00e9tisant une d\u00e9marche RSE engag\u00e9e depuis plus de 15 [&hellip;]<\/p>\n","protected":false},"author":1715,"featured_media":4335,"comment_status":"open","ping_status":"open","sticky":false,"template":"","format":"standard","meta":{"_acf_changed":false,"footnotes":""},"categories":[19],"tags":[],"class_list":["post-4334","post","type-post","status-publish","format-standard","has-post-thumbnail","hentry","category-produits"],"acf":[],"_links":{"self":[{"href":"https:\/\/www.ziltenpro.com\/cms\/wp-json\/wp\/v2\/posts\/4334","targetHints":{"allow":["GET"]}}],"collection":[{"href":"https:\/\/www.ziltenpro.com\/cms\/wp-json\/wp\/v2\/posts"}],"about":[{"href":"https:\/\/www.ziltenpro.com\/cms\/wp-json\/wp\/v2\/types\/post"}],"author":[{"embeddable":true,"href":"https:\/\/www.ziltenpro.com\/cms\/wp-json\/wp\/v2\/users\/1715"}],"replies":[{"embeddable":true,"href":"https:\/\/www.ziltenpro.com\/cms\/wp-json\/wp\/v2\/comments?post=4334"}],"version-history":[{"count":5,"href":"https:\/\/www.ziltenpro.com\/cms\/wp-json\/wp\/v2\/posts\/4334\/revisions"}],"predecessor-version":[{"id":4357,"href":"https:\/\/www.ziltenpro.com\/cms\/wp-json\/wp\/v2\/posts\/4334\/revisions\/4357"}],"wp:featuredmedia":[{"embeddable":true,"href":"https:\/\/www.ziltenpro.com\/cms\/wp-json\/wp\/v2\/media\/4335"}],"wp:attachment":[{"href":"https:\/\/www.ziltenpro.com\/cms\/wp-json\/wp\/v2\/media?parent=4334"}],"wp:term":[{"taxonomy":"category","embeddable":true,"href":"https:\/\/www.ziltenpro.com\/cms\/wp-json\/wp\/v2\/categories?post=4334"},{"taxonomy":"post_tag","embeddable":true,"href":"https:\/\/www.ziltenpro.com\/cms\/wp-json\/wp\/v2\/tags?post=4334"}],"curies":[{"name":"wp","href":"https:\/\/api.w.org\/{rel}","templated":true}]}}