{"id":4104,"date":"2026-04-29T10:46:26","date_gmt":"2026-04-29T08:46:26","guid":{"rendered":"https:\/\/www.ziltenpro.com\/cms\/?p=4104"},"modified":"2026-04-29T10:47:25","modified_gmt":"2026-04-29T08:47:25","slug":"1er-septembre-2026-preparons-nous-a-la-facturation-electronique","status":"publish","type":"post","link":"https:\/\/www.ziltenpro.com\/cms\/2026\/04\/29\/1er-septembre-2026-preparons-nous-a-la-facturation-electronique\/","title":{"rendered":"1er septembre 2026 : Pr\u00e9parons-nous \u00e0 la facturation \u00e9lectronique !"},"content":{"rendered":"\n<p>Ch\u00e8re client, Cher client,<\/p>\n\n\n\n<div style=\"height:34px\" aria-hidden=\"true\" class=\"wp-block-spacer\"><\/div>\n\n\n\n<p>La facturation \u00e9lectronique devient obligatoire pour la r\u00e9ception des factures. Cette r\u00e9forme nationale, pilot\u00e9e par l\u2019administration fiscale vise \u00e0 faciliter les \u00e9changes de factures, renforcer la s\u00e9curit\u00e9 et simplifier la gestion administrative.<\/p>\n\n\n\n<p>Chez&nbsp;<strong>Zilten,<\/strong>&nbsp;nous nous sommes pr\u00e9par\u00e9s \u00e0 cette \u00e9volution majeure afin de vous garantir une facturation fiable, s\u00e9curis\u00e9e et sans rupture de service.<\/p>\n\n\n\n<div style=\"height:34px\" aria-hidden=\"true\" class=\"wp-block-spacer\"><\/div>\n\n\n\n<p>D\u00e8s le 1<sup>er<\/sup> septembre,&nbsp;<strong>Zilten,&nbsp;<\/strong>\u00e9mettra ses factures exclusivement au format \u00e9lectronique, via une Plateforme Agr\u00e9\u00e9e (PA) homologu\u00e9e par l\u2019\u00c9tat<em>.&nbsp;<\/em>Concr\u00e8tement, vos factures ne vous parviendront plus sous les anciens formats (papier, EDI, mail, &#8230;), elles seront d\u00e9pos\u00e9es et achemin\u00e9es par ce canal s\u00e9curis\u00e9, gr\u00e2ce \u00e0 une adresse de facturation \u00e9lectronique que vous aurez d\u00e9clar\u00e9e sur l\u2019annuaire de l\u2019Etat.<\/p>\n\n\n\n<p>Afin d\u2019assurer un bon fonctionnement, nous avons besoin d\u00e8s \u00e0 pr\u00e9sent de quelques informations de votre part,&nbsp;<strong>nous vous invitons \u00e0 cet effet \u00e0 renseigner ce formulaire en ligne :<\/strong><\/p>\n\n\n\n<div class=\"wp-block-buttons is-content-justification-center is-layout-flex wp-container-core-buttons-is-layout-16018d1d wp-block-buttons-is-layout-flex\">\n<div class=\"wp-block-button has-custom-width wp-block-button__width-75 is-style-fill\"><a class=\"wp-block-button__link has-black-background-color has-background wp-element-button\" href=\"https:\/\/forms.microsoft.com\/e\/kavbyQ7Jgm?origin=lprLink\" target=\"_blank\" rel=\"noreferrer noopener\">Compl\u00e9ter le formulaire<\/a><\/div>\n<\/div>\n\n\n\n<div style=\"height:34px\" aria-hidden=\"true\" class=\"wp-block-spacer\"><\/div>\n\n\n\n<p>Ces informations, indispensables pour garantir une mise en place fluide et conforme du futur processus, nous permettront de configurer efficacement votre acc\u00e8s \u00e0 la facturation \u00e9lectronique.<\/p>\n\n\n\n<p>Vous souhaitez en savoir plus sur la facturation \u00e9lectronique ? Retrouvez l\u2019essentiel de la r\u00e9forme sur le site du gouvernement&nbsp;<a href=\"https:\/\/www.economie.gouv.fr\/tout-savoir-sur-la-facturation-electronique-pour-les-entreprises\" target=\"_blank\" rel=\"noreferrer noopener\">ici<\/a>&nbsp;et en consultant leur&nbsp;<a href=\"https:\/\/www.youtube.com\/watch?v=FoXJq-GfFrg&amp;feature=youtu.be\" target=\"_blank\" rel=\"noreferrer noopener\">vid\u00e9o<\/a>.<\/p>\n\n\n\n<div style=\"height:34px\" aria-hidden=\"true\" class=\"wp-block-spacer\"><\/div>\n\n\n\n<p>Nos \u00e9quipes restent bien s\u00fbr \u00e0 votre \u00e9coute.<\/p>\n\n\n\n<p>En cas de besoin sur ce sujet sp\u00e9cifique, vous pouvez contactez notre \u00e9quipe comptabilit\u00e9 \u00e0 l\u2019adresse mail suivante :&nbsp;<a href=\"mailto:facturation.electronique@cetih.eu\" target=\"_blank\" rel=\"noreferrer noopener\">facturation.electronique@cetih.eu<\/a><\/p>\n\n\n\n<div style=\"height:34px\" aria-hidden=\"true\" class=\"wp-block-spacer\"><\/div>\n\n\n\n<p>L\u2019\u00e9quipe Zilten<\/p>\n\n\n\n<p><\/p>\n","protected":false},"excerpt":{"rendered":"<p>Ch\u00e8re client, Cher client, La facturation \u00e9lectronique devient obligatoire pour la r\u00e9ception des factures. Cette r\u00e9forme nationale, pilot\u00e9e par l\u2019administration fiscale vise \u00e0 faciliter les \u00e9changes de factures, renforcer la s\u00e9curit\u00e9 et simplifier la gestion administrative. Chez&nbsp;Zilten,&nbsp;nous nous sommes pr\u00e9par\u00e9s \u00e0 cette \u00e9volution majeure afin de vous garantir une facturation fiable, s\u00e9curis\u00e9e et sans rupture [&hellip;]<\/p>\n","protected":false},"author":1715,"featured_media":4129,"comment_status":"open","ping_status":"open","sticky":false,"template":"","format":"standard","meta":{"_acf_changed":false,"footnotes":""},"categories":[18],"tags":[],"class_list":["post-4104","post","type-post","status-publish","format-standard","has-post-thumbnail","hentry","category-outils-services"],"acf":[],"_links":{"self":[{"href":"https:\/\/www.ziltenpro.com\/cms\/wp-json\/wp\/v2\/posts\/4104","targetHints":{"allow":["GET"]}}],"collection":[{"href":"https:\/\/www.ziltenpro.com\/cms\/wp-json\/wp\/v2\/posts"}],"about":[{"href":"https:\/\/www.ziltenpro.com\/cms\/wp-json\/wp\/v2\/types\/post"}],"author":[{"embeddable":true,"href":"https:\/\/www.ziltenpro.com\/cms\/wp-json\/wp\/v2\/users\/1715"}],"replies":[{"embeddable":true,"href":"https:\/\/www.ziltenpro.com\/cms\/wp-json\/wp\/v2\/comments?post=4104"}],"version-history":[{"count":5,"href":"https:\/\/www.ziltenpro.com\/cms\/wp-json\/wp\/v2\/posts\/4104\/revisions"}],"predecessor-version":[{"id":4125,"href":"https:\/\/www.ziltenpro.com\/cms\/wp-json\/wp\/v2\/posts\/4104\/revisions\/4125"}],"wp:featuredmedia":[{"embeddable":true,"href":"https:\/\/www.ziltenpro.com\/cms\/wp-json\/wp\/v2\/media\/4129"}],"wp:attachment":[{"href":"https:\/\/www.ziltenpro.com\/cms\/wp-json\/wp\/v2\/media?parent=4104"}],"wp:term":[{"taxonomy":"category","embeddable":true,"href":"https:\/\/www.ziltenpro.com\/cms\/wp-json\/wp\/v2\/categories?post=4104"},{"taxonomy":"post_tag","embeddable":true,"href":"https:\/\/www.ziltenpro.com\/cms\/wp-json\/wp\/v2\/tags?post=4104"}],"curies":[{"name":"wp","href":"https:\/\/api.w.org\/{rel}","templated":true}]}}