{"id":4063,"date":"2026-04-28T11:36:14","date_gmt":"2026-04-28T09:36:14","guid":{"rendered":"https:\/\/www.ziltenpro.com\/cms\/?p=4063"},"modified":"2026-04-28T11:36:15","modified_gmt":"2026-04-28T09:36:15","slug":"quand-linnovation-rencontre-le-design-la-nouvelle-offre-zilten","status":"publish","type":"post","link":"https:\/\/www.ziltenpro.com\/cms\/2026\/04\/28\/quand-linnovation-rencontre-le-design-la-nouvelle-offre-zilten\/","title":{"rendered":"Quand l&#8217;innovation rencontre le design : la nouvelle offre Zilten"},"content":{"rendered":"\n<p><strong>\u00c9V\u00c8NEMENT<\/strong> : Nous sommes heureux de vous d\u00e9voiler notre nouvelle offre de porte d&#8217;entr\u00e9e.&nbsp;<strong>40 nouveaut\u00e9s<\/strong>&nbsp;viennent enrichir notre catalogue pour r\u00e9pondre \u00e0 la&nbsp;<strong>diversit\u00e9 des projets de vos clients, en neuf, comme en r\u00e9novation<\/strong>.&nbsp;<\/p>\n\n\n\n<div class=\"wp-block-columns is-layout-flex wp-container-core-columns-is-layout-9d6595d7 wp-block-columns-is-layout-flex\">\n<div class=\"wp-block-column is-layout-flow wp-block-column-is-layout-flow\"><div class=\"wp-block-image\">\n<figure class=\"aligncenter size-large is-resized\"><a href=\"https:\/\/www.ziltenpro.com\/cms\/documentation\/?downloadSharepointFile=f7b5c3d9-cc4c-4d63-8d03-112be1194a25\" target=\"_blank\" rel=\" noreferrer noopener\"><img loading=\"lazy\" decoding=\"async\" width=\"1024\" height=\"1024\" src=\"https:\/\/www.belmpro.fr\/wp-content\/uploads\/sites\/4\/2023\/09\/couverture_catalogue_zilten_2026-1024x1024.jpg\" alt=\"\" class=\"wp-image-4062\" style=\"width:378px;height:auto\" srcset=\"https:\/\/www.belmpro.fr\/wp-content\/uploads\/sites\/4\/2023\/09\/couverture_catalogue_zilten_2026-1024x1024.jpg 1024w, https:\/\/www.belmpro.fr\/wp-content\/uploads\/sites\/4\/2023\/09\/couverture_catalogue_zilten_2026-300x300.jpg 300w, https:\/\/www.belmpro.fr\/wp-content\/uploads\/sites\/4\/2023\/09\/couverture_catalogue_zilten_2026-150x150.jpg 150w, https:\/\/www.belmpro.fr\/wp-content\/uploads\/sites\/4\/2023\/09\/couverture_catalogue_zilten_2026-768x768.jpg 768w, https:\/\/www.belmpro.fr\/wp-content\/uploads\/sites\/4\/2023\/09\/couverture_catalogue_zilten_2026-1536x1536.jpg 1536w, https:\/\/www.belmpro.fr\/wp-content\/uploads\/sites\/4\/2023\/09\/couverture_catalogue_zilten_2026-2048x2048.jpg 2048w, https:\/\/www.belmpro.fr\/wp-content\/uploads\/sites\/4\/2023\/09\/couverture_catalogue_zilten_2026-600x600.jpg 600w, https:\/\/www.belmpro.fr\/wp-content\/uploads\/sites\/4\/2023\/09\/couverture_catalogue_zilten_2026-100x100.jpg 100w\" sizes=\"auto, (max-width: 1024px) 100vw, 1024px\" \/><\/a><figcaption class=\"wp-element-caption\"><strong><a href=\"https:\/\/www.ziltenpro.com\/cms\/documentation\/?downloadSharepointFile=f7b5c3d9-cc4c-4d63-8d03-112be1194a25\" target=\"_blank\" rel=\"noreferrer noopener\">&gt; Je clique pour d\u00e9couvrir le catalogue 2026<\/a><\/strong><\/figcaption><\/figure>\n<\/div><\/div>\n<\/div>\n\n\n\n<p>Plus qu\u2019un catalogue, c\u2019est une vision affirm\u00e9e de la porte d\u2019entr\u00e9e. Du design utile. De l\u2019innovation concr\u00e8te. Des sensations d\u00e8s le premier regard.<\/p>\n\n\n\n<figure class=\"wp-block-embed is-type-video is-provider-youtube wp-block-embed-youtube wp-embed-aspect-16-9 wp-has-aspect-ratio\"><div class=\"wp-block-embed__wrapper\">\n<div class=\"ratio ratio-16x9\"><iframe loading=\"lazy\" title=\"D\u00e9couvrez le nouveau catalogue Zilten 2026-2027\" width=\"800\" height=\"450\" src=\"https:\/\/www.youtube.com\/embed\/eYTndw3ZMQk?feature=oembed\" frameborder=\"0\" allow=\"accelerometer; autoplay; clipboard-write; encrypted-media; gyroscope; picture-in-picture; web-share\" referrerpolicy=\"strict-origin-when-cross-origin\" allowfullscreen><\/iframe><\/div>\n<\/div><\/figure>\n\n\n\n<p>Dans cette nouvelle \u00e9dition, vous trouverez :<\/p>\n\n\n\n<div class=\"wp-block-columns is-layout-flex wp-container-core-columns-is-layout-9d6595d7 wp-block-columns-is-layout-flex\">\n<div class=\"wp-block-column is-layout-flow wp-block-column-is-layout-flow\" style=\"flex-basis:33.33%\"><div class=\"wp-block-image\">\n<figure class=\"alignleft size-full\"><img loading=\"lazy\" decoding=\"async\" width=\"401\" height=\"800\" src=\"https:\/\/www.belmpro.fr\/wp-content\/uploads\/sites\/4\/2026\/04\/31-aria-1-alu-ultime-zilten-porte-entree-noir-2100-texture-ouverture-francaise-perspect-72.jpg\" alt=\"\" class=\"wp-image-4064\" style=\"aspect-ratio:0.5012504361986739\" srcset=\"https:\/\/www.belmpro.fr\/wp-content\/uploads\/sites\/4\/2026\/04\/31-aria-1-alu-ultime-zilten-porte-entree-noir-2100-texture-ouverture-francaise-perspect-72.jpg 401w, https:\/\/www.belmpro.fr\/wp-content\/uploads\/sites\/4\/2026\/04\/31-aria-1-alu-ultime-zilten-porte-entree-noir-2100-texture-ouverture-francaise-perspect-72-150x300.jpg 150w\" sizes=\"auto, (max-width: 401px) 100vw, 401px\" \/><figcaption class=\"wp-element-caption\"><a href=\"https:\/\/www.zilten.com\/produits\/aria-1\/\" target=\"_blank\" rel=\"noreferrer noopener\">ARIA-1<\/a><\/figcaption><\/figure>\n<\/div><\/div>\n\n\n\n<div class=\"wp-block-column is-layout-flow wp-block-column-is-layout-flow\" style=\"flex-basis:66.66%\">\n<p>\u2728 Des <strong>mod\u00e8les contemporains en aluminium avec ouvrant vitr\u00e9 dans la porte<\/strong>, pens\u00e9s pour faire entrer la lumi\u00e8re et r\u00e9pondre aux nouveaux usages de l\u2019habitat (confort d&#8217;\u00e9t\u00e9)<\/p>\n\n\n<div class=\"wp-block-image\">\n<figure class=\"alignleft size-full is-resized\"><img loading=\"lazy\" decoding=\"async\" width=\"546\" height=\"800\" src=\"https:\/\/www.belmpro.fr\/wp-content\/uploads\/sites\/4\/2026\/04\/41-aria-1-alu-ultime-zilten-porte-entree-bronze-texture-72.jpg\" alt=\"\" class=\"wp-image-4072\" style=\"aspect-ratio:0.6825110864745011;width:195px;height:auto\" srcset=\"https:\/\/www.belmpro.fr\/wp-content\/uploads\/sites\/4\/2026\/04\/41-aria-1-alu-ultime-zilten-porte-entree-bronze-texture-72.jpg 546w, https:\/\/www.belmpro.fr\/wp-content\/uploads\/sites\/4\/2026\/04\/41-aria-1-alu-ultime-zilten-porte-entree-bronze-texture-72-205x300.jpg 205w\" sizes=\"auto, (max-width: 546px) 100vw, 546px\" \/><figcaption class=\"wp-element-caption\"><a href=\"https:\/\/www.zilten.com\/produits\/aria-1\/\" target=\"_blank\" rel=\"noreferrer noopener\">Zoom ARIA-1<\/a><\/figcaption><\/figure>\n<\/div><\/div>\n<\/div>\n\n\n\n<div class=\"wp-block-columns is-layout-flex wp-container-core-columns-is-layout-9d6595d7 wp-block-columns-is-layout-flex\">\n<div class=\"wp-block-column is-layout-flow wp-block-column-is-layout-flow\" style=\"flex-basis:33.33%\">\n<figure class=\"wp-block-image size-full\"><img loading=\"lazy\" decoding=\"async\" width=\"401\" height=\"800\" src=\"https:\/\/www.belmpro.fr\/wp-content\/uploads\/sites\/4\/2026\/04\/01-ISAMI-5-acier-zilten-porte-entree-gris-OK-72-e1776870471268.jpg\" alt=\"\" class=\"wp-image-4065\" style=\"aspect-ratio:0.5012504361986739\" srcset=\"https:\/\/www.belmpro.fr\/wp-content\/uploads\/sites\/4\/2026\/04\/01-ISAMI-5-acier-zilten-porte-entree-gris-OK-72-e1776870471268.jpg 401w, https:\/\/www.belmpro.fr\/wp-content\/uploads\/sites\/4\/2026\/04\/01-ISAMI-5-acier-zilten-porte-entree-gris-OK-72-e1776870471268-150x300.jpg 150w\" sizes=\"auto, (max-width: 401px) 100vw, 401px\" \/><figcaption class=\"wp-element-caption\"><a href=\"https:\/\/www.zilten.com\/produits\/isami-5-confort\/\">ISAMI 5 CONFORT<\/a><\/figcaption><\/figure>\n<\/div>\n\n\n\n<div class=\"wp-block-column is-layout-flow wp-block-column-is-layout-flow\" style=\"flex-basis:66.66%\">\n<p>\u2728 Une <strong>nouvelle gamme Acier Confort<\/strong> : <strong>10 mod\u00e8les<\/strong>, <strong>2 nouveaut\u00e9s exclusives<\/strong>, une autre fa\u00e7on d\u2019envisager l\u2019acier<\/p>\n\n\n\n<figure class=\"wp-block-image size-large is-resized\"><img loading=\"lazy\" decoding=\"async\" width=\"1024\" height=\"724\" src=\"https:\/\/www.belmpro.fr\/wp-content\/uploads\/sites\/4\/2026\/04\/ACIER_48_VITRE_zilten_A4-72-1024x724.jpg\" alt=\"\" class=\"wp-image-4074\" style=\"aspect-ratio:1.4144170017231477;width:426px;height:auto\" \/><figcaption class=\"wp-element-caption\">Conception gamme acier confort<\/figcaption><\/figure>\n<\/div>\n<\/div>\n\n\n\n<div class=\"wp-block-columns is-layout-flex wp-container-core-columns-is-layout-9d6595d7 wp-block-columns-is-layout-flex\">\n<div class=\"wp-block-column is-layout-flow wp-block-column-is-layout-flow\" style=\"flex-basis:33.33%\"><div class=\"wp-block-image\">\n<figure class=\"alignleft size-full\"><img loading=\"lazy\" decoding=\"async\" width=\"491\" height=\"731\" src=\"https:\/\/www.belmpro.fr\/wp-content\/uploads\/sites\/4\/2026\/04\/12-soffi-4-alu-confort-zilten-porte-entree-fris-7035-V-72-e1776871075661.jpg\" alt=\"\" class=\"wp-image-4068\" style=\"aspect-ratio:0.6716935546722781\" srcset=\"https:\/\/www.belmpro.fr\/wp-content\/uploads\/sites\/4\/2026\/04\/12-soffi-4-alu-confort-zilten-porte-entree-fris-7035-V-72-e1776871075661.jpg 491w, https:\/\/www.belmpro.fr\/wp-content\/uploads\/sites\/4\/2026\/04\/12-soffi-4-alu-confort-zilten-porte-entree-fris-7035-V-72-e1776871075661-202x300.jpg 202w\" sizes=\"auto, (max-width: 491px) 100vw, 491px\" \/><figcaption class=\"wp-element-caption\"><a href=\"https:\/\/www.zilten.com\/produits\/soffi-4\/\">SOFFI 4<\/a><\/figcaption><\/figure>\n<\/div><\/div>\n\n\n\n<div class=\"wp-block-column is-layout-flow wp-block-column-is-layout-flow\" style=\"flex-basis:66.66%\">\n<p>\u2728 Des mod\u00e8les ax\u00e9s r\u00e9novation coeur de ville avec apport de lumi\u00e8re, moulures, cimaise ou encore plinthe. <\/p>\n\n\n<div class=\"wp-block-image\">\n<figure class=\"alignleft size-full is-resized\"><img loading=\"lazy\" decoding=\"async\" width=\"530\" height=\"800\" src=\"https:\/\/www.belmpro.fr\/wp-content\/uploads\/sites\/4\/2026\/04\/41-soffi4-alu-confort-zilten-porte-entree-gris-72.jpg\" alt=\"\" class=\"wp-image-4076\" style=\"aspect-ratio:0.6625471470989487;width:195px;height:auto\" srcset=\"https:\/\/www.belmpro.fr\/wp-content\/uploads\/sites\/4\/2026\/04\/41-soffi4-alu-confort-zilten-porte-entree-gris-72.jpg 530w, https:\/\/www.belmpro.fr\/wp-content\/uploads\/sites\/4\/2026\/04\/41-soffi4-alu-confort-zilten-porte-entree-gris-72-199x300.jpg 199w\" sizes=\"auto, (max-width: 530px) 100vw, 530px\" \/><figcaption class=\"wp-element-caption\"><a href=\"https:\/\/www.zilten.com\/produits\/soffi-4\/\">Zoom SOFFI 4<\/a><\/figcaption><\/figure>\n<\/div><\/div>\n<\/div>\n\n\n\n<p>\u2728 <strong>40 nouveaut\u00e9s<\/strong> singuli\u00e8res, r\u00e9parties sur l\u2019ensemble de nos <strong>5 mat\u00e9riaux<\/strong>, sans compromis sur l\u2019esth\u00e9tique ni la performance.<\/p>\n\n\n\n<p>Design, innovation et savoir\u2011faire Zilten se retrouvent dans cette nouvelle \u00e9dition 2026. <\/p>\n\n\n\n<p>Votre d\u00e9l\u00e9gu\u00e9(e) r\u00e9gional(e) se tient \u00e0 votre disposition pour vous faire d\u00e9couvrir ce nouvel univers \u00e0 partager avec vos clients.<\/p>\n\n\n\n<p>Bonne lecture, et&nbsp;<strong>Faites exception<\/strong>&nbsp;en proposant les portes d\u2019entr\u00e9e Zilten !<\/p>\n","protected":false},"excerpt":{"rendered":"<p>\u00c9V\u00c8NEMENT : Nous sommes heureux de vous d\u00e9voiler notre nouvelle offre de porte d&#8217;entr\u00e9e.&nbsp;40 nouveaut\u00e9s&nbsp;viennent enrichir notre catalogue pour r\u00e9pondre \u00e0 la&nbsp;diversit\u00e9 des projets de vos clients, en neuf, comme en r\u00e9novation.&nbsp; Plus qu\u2019un catalogue, c\u2019est une vision affirm\u00e9e de la porte d\u2019entr\u00e9e. Du design utile. De l\u2019innovation concr\u00e8te. Des sensations d\u00e8s le premier regard. [&hellip;]<\/p>\n","protected":false},"author":1715,"featured_media":4085,"comment_status":"open","ping_status":"open","sticky":false,"template":"","format":"standard","meta":{"_acf_changed":false,"footnotes":""},"categories":[20],"tags":[],"class_list":["post-4063","post","type-post","status-publish","format-standard","has-post-thumbnail","hentry","category-evenements"],"acf":[],"_links":{"self":[{"href":"https:\/\/www.ziltenpro.com\/cms\/wp-json\/wp\/v2\/posts\/4063","targetHints":{"allow":["GET"]}}],"collection":[{"href":"https:\/\/www.ziltenpro.com\/cms\/wp-json\/wp\/v2\/posts"}],"about":[{"href":"https:\/\/www.ziltenpro.com\/cms\/wp-json\/wp\/v2\/types\/post"}],"author":[{"embeddable":true,"href":"https:\/\/www.ziltenpro.com\/cms\/wp-json\/wp\/v2\/users\/1715"}],"replies":[{"embeddable":true,"href":"https:\/\/www.ziltenpro.com\/cms\/wp-json\/wp\/v2\/comments?post=4063"}],"version-history":[{"count":5,"href":"https:\/\/www.ziltenpro.com\/cms\/wp-json\/wp\/v2\/posts\/4063\/revisions"}],"predecessor-version":[{"id":4120,"href":"https:\/\/www.ziltenpro.com\/cms\/wp-json\/wp\/v2\/posts\/4063\/revisions\/4120"}],"wp:featuredmedia":[{"embeddable":true,"href":"https:\/\/www.ziltenpro.com\/cms\/wp-json\/wp\/v2\/media\/4085"}],"wp:attachment":[{"href":"https:\/\/www.ziltenpro.com\/cms\/wp-json\/wp\/v2\/media?parent=4063"}],"wp:term":[{"taxonomy":"category","embeddable":true,"href":"https:\/\/www.ziltenpro.com\/cms\/wp-json\/wp\/v2\/categories?post=4063"},{"taxonomy":"post_tag","embeddable":true,"href":"https:\/\/www.ziltenpro.com\/cms\/wp-json\/wp\/v2\/tags?post=4063"}],"curies":[{"name":"wp","href":"https:\/\/api.w.org\/{rel}","templated":true}]}}